{"id":887,"date":"2026-04-26T15:49:00","date_gmt":"2026-04-26T13:49:00","guid":{"rendered":"https:\/\/mondonews.it\/?p=887"},"modified":"2026-04-24T15:59:22","modified_gmt":"2026-04-24T13:59:22","slug":"purpose-driven","status":"publish","type":"post","link":"https:\/\/mondonews.it\/index.php\/2026\/04\/26\/purpose-driven\/","title":{"rendered":"&#8220;PURPOSE-DRIVEN&#8221;"},"content":{"rendered":"\n<h2 class=\"wp-block-heading\">Dal \u201cfare personal brand\u201d al \u201cavere un perch\u00e9\u201d<\/h2>\n\n\n\n<p>Per anni il personal branding \u00e8 stato raccontato come un <strong>toolkit<\/strong>: logo personale, palette colori, headline accattivante, calendario editoriale, magari un corso su come \u201cposizionarsi come esperto\u201d. Il risultato prevedibile \u00e8 stata una pletora di profili che si somigliano, con le stesse citazioni, le stesse pose, gli stessi format di contenuto.<\/p>\n\n\n\n<p>Il <strong>\u201cpurpose driven personal branding\u201d<\/strong> ribalta la prospettiva: prima si chiarisce perch\u00e9 esisti professionalmente, poi si costruisce il brand. Il punto di partenza non \u00e8 pi\u00f9 \u201ccosa posso vendere con la mia immagine\u201d, ma <strong>\u201cquale cambiamento voglio generare e con chi\u201d<\/strong>. In questo senso, il personal brand smette di essere un\u2019operazione estetica e diventa un lavoro identitario, quasi politico, sulla direzione che vuoi dare al tuo contributo nel mondo del lavoro.<\/p>\n\n\n\n<h2 class=\"wp-block-heading\">L\u2019intreccio tra persona, corpo e relazioni offline<\/h2>\n\n\n\n<p>Una delle intuizioni pi\u00f9 interessanti di questo approccio \u00e8 il recupero della <strong>dimensione corporea e relazionale<\/strong>, spesso rimossa dal discorso sul personal branding. Un brand personale \u201cdi superficie\u201d vive solo nei contenuti: post, stories, video ben montati; un brand personale radicato nel purpose, invece, si manifesta anche in come ti presenti dal vivo, come ascolti, come tratti colleghi, clienti, community.<\/p>\n\n\n\n<p>Questo ha due implicazioni forti:<\/p>\n\n\n\n<ul class=\"wp-block-list\">\n<li><strong>La coerenza non \u00e8 pi\u00f9 solo comunicativa<\/strong> (non basta dire cose coerenti), ma comportamentale;<\/li>\n\n\n\n<li><strong>La reputazione non \u00e8 solo ci\u00f2 che appare<\/strong>, ma ci\u00f2 che gli altri sperimentano in tua presenza.<\/li>\n<\/ul>\n\n\n\n<p>Nel mondo della comunicazione aziendale, dove si parla sempre pi\u00f9 di <em>employee advocacy<\/em>, questa distinzione \u00e8 cruciale: un dipendente con un personal brand \u201cdi facciata\u201d amplifica i contenuti aziendali; uno con un personal brand guidato dal purpose diventa un <strong>moltiplicatore di fiducia<\/strong>, perch\u00e9 il suo modo di lavorare offline conferma la narrazione online.<\/p>\n\n\n\n<h2 class=\"wp-block-heading\">L\u2019AI come fattore scatenante: se tutti possono comunicare, chi ha senso emerge<\/h2>\n\n\n\n<p>L\u2019esplosione dell\u2019AI generativa ha abbattuto le barriere all\u2019ingresso: chiunque pu\u00f2 produrre caroselli, blog post, script video. Ma proprio perch\u00e9 tutti possono \u201cfare contenuti\u201d, diventa pi\u00f9 difficile emergere solo per quantit\u00e0, frequenza o abilit\u00e0 tecnica.<\/p>\n\n\n\n<p>Qui il <strong>purpose<\/strong> gioca un ruolo selettivo:<\/p>\n\n\n\n<ol class=\"wp-block-list\">\n<li>Aiuta a decidere <strong>cosa non fare<\/strong>, quali trend ignorare, quali formati rifiutare perch\u00e9 non ti somigliano;<\/li>\n\n\n\n<li>Costruisce una <strong>traiettoria riconoscibile<\/strong> nel tempo, che rende il tuo brand personale leggibile anche attraverso gli inevitabili esperimenti e cambi di formato.<\/li>\n<\/ol>\n\n\n\n<p>Un professionista che comunica da anni sullo stesso asse di senso crea un pattern che il pubblico riconosce, indipendentemente dal singolo contenuto virale. Questo pattern \u00e8 <strong>difficilmente replicabile dall\u2019AI<\/strong> perch\u00e9 non \u00e8 uno stile di scrittura: \u00e8 la somma di scelte, sacrifici, rinunce e interessi coltivati nel tempo.<\/p>\n\n\n\n<h2 class=\"wp-block-heading\">Autenticit\u00e0: dalla parola vuota al criterio operativo<\/h2>\n\n\n\n<p>\u201cAutentico\u201d \u00e8 una parola logora, ma i dati dicono che la percezione di autenticit\u00e0 conta: l\u2019<strong>86% dei consumatori<\/strong> afferma che l\u2019autenticit\u00e0 del personal brand influisce sui brand che decide di supportare. Inoltre, chi si sente emotivamente connesso a un brand vale circa il <strong>50% in pi\u00f9<\/strong>, in termini di spesa e fedelt\u00e0.<\/p>\n\n\n\n<p>Il purpose driven personal branding traduce l\u2019autenticit\u00e0 in <strong>criteri operativi<\/strong>:<\/p>\n\n\n\n<ul class=\"wp-block-list\">\n<li>Non comunicare valori che non sei disposto a <strong>pagare<\/strong> in termini di scelte concrete (tempo, clienti rinunciati, opportunit\u00e0 scartate);<\/li>\n\n\n\n<li>Dichiarare <strong>limiti, transizioni e dubbi professionali<\/strong>, invece di performare solo successo e crescita lineare;<\/li>\n\n\n\n<li>Non inseguire ogni nicchia profittevole se ti allontana da ci\u00f2 che ti interessa davvero nel lungo periodo.<\/li>\n<\/ul>\n\n\n\n<p>Un brand che non mostra mai attrito, stanchezza o cambi di idea, oggi, viene percepito come poco umano e quindi poco credibile.<\/p>\n\n\n\n<h2 class=\"wp-block-heading\">Il paradosso dell\u2019iper-professionalit\u00e0: quando il brand personale ti disumanizza<\/h2>\n\n\n\n<p>Molti professionisti hanno costruito negli anni un\u2019immagine impeccabile, iper-razionale, sempre <em>on-brand<\/em>. In un contesto di overload informativo, per\u00f2, quella stessa perfezione rischia di diventare invisibile: \u00e8 un altro profilo \u201cpulito\u201d in un feed pieno di profili identici.<\/p>\n\n\n\n<p>Il purpose driven personal branding introduce una piccola ma decisiva frattura in questa estetica: la <strong>vulnerabilit\u00e0 strategica<\/strong>. Non la confessione gratuita, ma la disponibilit\u00e0 a esporre parti del proprio percorso che non generano like facili, ma fiducia: errori, fallimenti, cambi di rotta, ma anche interessi non direttamente monetizzabili.<\/p>\n\n\n\n<p>Per un\u2019impresa, questo discorso \u00e8 vitale: i leader che riescono a comunicare scelte impopolari, trade-off e limiti organizzativi senza rifugiarsi nel linguaggio corporate creano un <strong>ponte narrativo<\/strong> tra brand personale e brand aziendale.<\/p>\n\n\n\n<h2 class=\"wp-block-heading\">Personal brand e corporate brand: un ecosistema, non due mondi separati<\/h2>\n\n\n\n<p>Sempre pi\u00f9 aziende stanno scoprendo che investire nel personal branding dei propri founder e manager non \u00e8 un vezzo, ma una leva strategica. Il \u201cpurpose driven personal branding\u201d \u00e8 il collante tra i due livelli:<\/p>\n\n\n\n<ul class=\"wp-block-list\">\n<li>Se il <strong>purpose del leader<\/strong> e quello dell\u2019azienda si parlano, ogni contenuto personale rafforza il posizionamento corporate;<\/li>\n\n\n\n<li>Se sono <strong>disallineati<\/strong>, ogni intervista o post rischia di aprire una crepa reputazionale, soprattutto su temi sensibili (sostenibilit\u00e0, diversity, impatto sociale).<\/li>\n<\/ul>\n\n\n\n<p>Il lavoro sul purpose personale dovrebbe essere integrato nei percorsi di leadership e comunicazione interna per evitare di costruire un \u201ceroe solitario\u201d scollegato dalla cultura aziendale reale.<\/p>\n\n\n\n<h2 class=\"wp-block-heading\">Come si costruisce un personal brand guidato dal purpose (in pratica)<\/h2>\n\n\n\n<p>Una possibile sequenza operativa, adattabile a freelance, manager o founder:<\/p>\n\n\n\n<ol class=\"wp-block-list\">\n<li><strong>Scavare nella biografia:<\/strong> Non partire dal mercato, ma dalla tua traiettoria. Spesso il purpose \u00e8 la formalizzazione di un pattern che hai seguito per anni senza dargli un nome.<\/li>\n\n\n\n<li><strong>Formulare una tesi di cambiamento:<\/strong> Qual \u00e8 il cambiamento concreto che vuoi contribuire a generare nel tuo settore o nelle persone con cui lavori?<\/li>\n\n\n\n<li><strong>Derivare scelte comunicative:<\/strong> Solo a questo punto ha senso scegliere piattaforme e format. Se il tuo scopo \u00e8 la divulgazione semplice, il tuo tono non potr\u00e0 essere inutilmente tecnico.<\/li>\n\n\n\n<li><strong>Allineare online e offline:<\/strong> Chiederti: questo modo di comunicare regge anche quando sono in riunione o in call? Se la risposta \u00e8 no, il brand \u00e8 solo di superficie.<\/li>\n\n\n\n<li><strong>Accettare l\u2019incoerenza dinamica:<\/strong> Un purpose non \u00e8 scolpito nella pietra: pu\u00f2 evolvere e spostarsi. La trasparenza su queste evoluzioni \u00e8 parte della credibilit\u00e0.<\/li>\n<\/ol>\n\n\n\n<h2 class=\"wp-block-heading\">Perch\u00e9 oggi vale la pena prendersi sul serio<\/h2>\n\n\n\n<p>In un\u2019epoca in cui l\u2019AI pu\u00f2 imitare lo stile di chiunque, <strong>prendersi sul serio come persona<\/strong> \u2013 prima che come costruttore di contenuti \u2013 \u00e8 un atto quasi controcorrente. Significa accettare che il tuo vantaggio competitivo non sta nella perfezione dell\u2019immagine, ma nella densit\u00e0 della tua esperienza e nella chiarezza delle tue intenzioni.<\/p>\n\n\n\n<p>In un mercato saturo di template e strumenti, la profondit\u00e0 del &#8220;perch\u00e9&#8221; potrebbe essere l&#8217;unica leva che separa chi rimarr\u00e0 rilevante da chi verr\u00e0 sostituito da un prompt ben scritto.<\/p>\n\n\n\n<p><\/p>\n","protected":false},"excerpt":{"rendered":"<p>Dal \u201cfare personal brand\u201d al \u201cavere un perch\u00e9\u201d Per anni il personal branding \u00e8 stato raccontato come un toolkit: logo personale, palette colori, headline accattivante, calendario editoriale, magari un corso su come \u201cposizionarsi come esperto\u201d. Il risultato prevedibile \u00e8 stata una pletora di profili che si somigliano, con le stesse citazioni, le stesse pose, gli<\/p>\n","protected":false},"author":1,"featured_media":888,"comment_status":"open","ping_status":"open","sticky":false,"template":"","format":"standard","meta":{"_acf_changed":false,"footnotes":""},"categories":[9],"tags":[48,29,14,27,13],"class_list":["post-887","post","type-post","status-publish","format-standard","has-post-thumbnail","hentry","category-mondomarketing","tag-brand","tag-branding","tag-comunicazione","tag-impresa","tag-marketing"],"acf":[],"_links":{"self":[{"href":"https:\/\/mondonews.it\/index.php\/wp-json\/wp\/v2\/posts\/887","targetHints":{"allow":["GET"]}}],"collection":[{"href":"https:\/\/mondonews.it\/index.php\/wp-json\/wp\/v2\/posts"}],"about":[{"href":"https:\/\/mondonews.it\/index.php\/wp-json\/wp\/v2\/types\/post"}],"author":[{"embeddable":true,"href":"https:\/\/mondonews.it\/index.php\/wp-json\/wp\/v2\/users\/1"}],"replies":[{"embeddable":true,"href":"https:\/\/mondonews.it\/index.php\/wp-json\/wp\/v2\/comments?post=887"}],"version-history":[{"count":1,"href":"https:\/\/mondonews.it\/index.php\/wp-json\/wp\/v2\/posts\/887\/revisions"}],"predecessor-version":[{"id":889,"href":"https:\/\/mondonews.it\/index.php\/wp-json\/wp\/v2\/posts\/887\/revisions\/889"}],"wp:featuredmedia":[{"embeddable":true,"href":"https:\/\/mondonews.it\/index.php\/wp-json\/wp\/v2\/media\/888"}],"wp:attachment":[{"href":"https:\/\/mondonews.it\/index.php\/wp-json\/wp\/v2\/media?parent=887"}],"wp:term":[{"taxonomy":"category","embeddable":true,"href":"https:\/\/mondonews.it\/index.php\/wp-json\/wp\/v2\/categories?post=887"},{"taxonomy":"post_tag","embeddable":true,"href":"https:\/\/mondonews.it\/index.php\/wp-json\/wp\/v2\/tags?post=887"}],"curies":[{"name":"wp","href":"https:\/\/api.w.org\/{rel}","templated":true}]}}