{"id":821,"date":"2026-03-15T18:27:00","date_gmt":"2026-03-15T16:27:00","guid":{"rendered":"https:\/\/mondonews.it\/?p=821"},"modified":"2026-03-13T18:29:40","modified_gmt":"2026-03-13T16:29:40","slug":"90-entro-il-2040","status":"publish","type":"post","link":"https:\/\/mondonews.it\/index.php\/2026\/03\/15\/90-entro-il-2040\/","title":{"rendered":"-90% entro il 2040"},"content":{"rendered":"\n<p>L&#8217;approvazione di un target cos\u00ec radicale come il 90% dimostra la ferma volont\u00e0 politica dell&#8217;Unione Europea di mantenere la propria leadership globale nella lotta alla crisi climatica. Non si tratta pi\u00f9 soltanto di una questione ambientale, ma di una trasformazione strutturale che richieder\u00e0 investimenti massicci in energie rinnovabili e tecnologie di cattura della CO2, ridefinendo radicalmente il volto dell&#8217;industria e dell&#8217;economia continentale per i prossimi due decenni.<\/p>\n\n\n\n<p>Tuttavia, il rinvio dell&#8217;ETS 2 al 2028 riflette un delicato equilibrio tra ambizione ecologica e stabilit\u00e0 sociale. La decisione di posticipare l&#8217;estensione del mercato del carbonio a riscaldamento e trasporti suggerisce che i legislatori siano pienamente consapevoli del rischio di alimentare tensioni sociali o incrementare eccessivamente il costo della vita, cercando un compromesso necessario per non perdere il consenso pubblico verso la transizione verde.<\/p>\n\n\n\n<p>Questa mossa lancia un segnale inequivocabile ai mercati internazionali: la decarbonizzazione \u00e8 ormai un obbligo normativo con scadenze precise e vincolanti. Per l&#8217;Italia e gli altri Stati membri, la vera sfida sar\u00e0 ora quella di tradurre questi macro-obiettivi in piani d&#8217;azione nazionali concreti, bilanciando la necessit\u00e0 di innovare i processi produttivi con l&#8217;esigenza di tutelare la competitivit\u00e0 delle imprese e il benessere dei cittadini.<\/p>\n\n\n\n<p><\/p>\n","protected":false},"excerpt":{"rendered":"<p>L&#8217;approvazione di un target cos\u00ec radicale come il 90% dimostra la ferma volont\u00e0 politica dell&#8217;Unione Europea di mantenere la propria leadership globale nella lotta alla crisi climatica. Non si tratta pi\u00f9 soltanto di una questione ambientale, ma di una trasformazione strutturale che richieder\u00e0 investimenti massicci in energie rinnovabili e tecnologie di cattura della CO2, ridefinendo<\/p>\n","protected":false},"author":1,"featured_media":822,"comment_status":"open","ping_status":"open","sticky":false,"template":"","format":"standard","meta":{"_acf_changed":false,"footnotes":""},"categories":[15],"tags":[19,4,16,30,8],"class_list":["post-821","post","type-post","status-publish","format-standard","has-post-thumbnail","hentry","category-mondocircolare","tag-circolarita","tag-economia","tag-green","tag-innovazione","tag-sostenibilita"],"acf":[],"_links":{"self":[{"href":"https:\/\/mondonews.it\/index.php\/wp-json\/wp\/v2\/posts\/821","targetHints":{"allow":["GET"]}}],"collection":[{"href":"https:\/\/mondonews.it\/index.php\/wp-json\/wp\/v2\/posts"}],"about":[{"href":"https:\/\/mondonews.it\/index.php\/wp-json\/wp\/v2\/types\/post"}],"author":[{"embeddable":true,"href":"https:\/\/mondonews.it\/index.php\/wp-json\/wp\/v2\/users\/1"}],"replies":[{"embeddable":true,"href":"https:\/\/mondonews.it\/index.php\/wp-json\/wp\/v2\/comments?post=821"}],"version-history":[{"count":1,"href":"https:\/\/mondonews.it\/index.php\/wp-json\/wp\/v2\/posts\/821\/revisions"}],"predecessor-version":[{"id":823,"href":"https:\/\/mondonews.it\/index.php\/wp-json\/wp\/v2\/posts\/821\/revisions\/823"}],"wp:featuredmedia":[{"embeddable":true,"href":"https:\/\/mondonews.it\/index.php\/wp-json\/wp\/v2\/media\/822"}],"wp:attachment":[{"href":"https:\/\/mondonews.it\/index.php\/wp-json\/wp\/v2\/media?parent=821"}],"wp:term":[{"taxonomy":"category","embeddable":true,"href":"https:\/\/mondonews.it\/index.php\/wp-json\/wp\/v2\/categories?post=821"},{"taxonomy":"post_tag","embeddable":true,"href":"https:\/\/mondonews.it\/index.php\/wp-json\/wp\/v2\/tags?post=821"}],"curies":[{"name":"wp","href":"https:\/\/api.w.org\/{rel}","templated":true}]}}